{"id":3307,"date":"2020-11-06T11:22:05","date_gmt":"2020-11-06T10:22:05","guid":{"rendered":"http:\/\/associationodyssee.fr\/?p=3307"},"modified":"2020-11-06T11:22:05","modified_gmt":"2020-11-06T10:22:05","slug":"deuxieme-jour-de-formation-intermove-for-trainers","status":"publish","type":"post","link":"http:\/\/associationodyssee.fr\/it\/deuxieme-jour-de-formation-intermove-for-trainers\/","title":{"rendered":"(Fran\u00e7ais) Deuxi\u00e8me jour de formation INTERMOVE For Trainers"},"content":{"rendered":"<p class=\"qtranxs-available-languages-message qtranxs-available-languages-message-it\">Ci spiace, ma questo articolo \u00e8 disponibile soltanto in <a href=\"http:\/\/associationodyssee.fr\/fr\/wp-json\/wp\/v2\/posts\/3307\" class=\"qtranxs-available-language-link qtranxs-available-language-link-fr\" title=\"Fran\u00e7ais\">Francese<\/a>. Per ragioni di convenienza del visitatore, il contenuto \u00e8 mostrato sotto nella lingua alternativa. Puoi cliccare sul link per cambiare la lingua attiva.<\/p><p><\/p>\n<p style=\"text-align: justify;\">Ce mardi 3 novembre se tenait la deuxi\u00e8me journ\u00e9e de formation organis\u00e9e par Odyss\u00e9e en visio-conf\u00e9rence. La formation \u00e9tait propos\u00e9e \u00e0 des professionnel.le.s n\u00e9o-aquitain.e.s de la mobilit\u00e9 europ\u00e9enne et internationale et se d\u00e9roulait dans le cadre du projet INTERMOVE For Trainers, un projet soutenu par Erasmus+.<\/p>\n<p style=\"text-align: justify;\">Lors de cette deuxi\u00e8me journ\u00e9e de formation, les diff\u00e9rentes composantes interculturelles du mod\u00e8le INTERMOVE ont \u00e9t\u00e9 d\u00e9taill\u00e9es et approfondies au travers d&#8217;activit\u00e9s pratiques : la relation \u00e0 l&#8217;autre, la d\u00e9couverte de connaissance, la tol\u00e9rance \u00e0 l&#8217;ambigu\u00eft\u00e9, l&#8217;empathie et la communication interculturelle.<\/p>\n<p style=\"text-align: justify;\">\n<p><\/p>","protected":false},"excerpt":{"rendered":"<p>Ci spiace, ma questo articolo \u00e8 disponibile soltanto in Francese. Per ragioni di convenienza del visitatore, il contenuto \u00e8 mostrato sotto nella lingua alternativa. Puoi cliccare sul link per cambiare la lingua attiva. Ce mardi 3 novembre se tenait la deuxi\u00e8me journ\u00e9e de formation organis\u00e9e par Odyss\u00e9e en visio-conf\u00e9rence. La formation \u00e9tait propos\u00e9e \u00e0 des [&hellip;]<\/p>\n","protected":false},"author":1,"featured_media":3308,"comment_status":"open","ping_status":"open","sticky":false,"template":"","format":"standard","meta":[],"categories":[25],"tags":[],"jetpack_featured_media_url":"http:\/\/associationodyssee.fr\/wp-content\/uploads\/2020\/11\/groupe1.png","_links":{"self":[{"href":"http:\/\/associationodyssee.fr\/it\/wp-json\/wp\/v2\/posts\/3307"}],"collection":[{"href":"http:\/\/associationodyssee.fr\/it\/wp-json\/wp\/v2\/posts"}],"about":[{"href":"http:\/\/associationodyssee.fr\/it\/wp-json\/wp\/v2\/types\/post"}],"author":[{"embeddable":true,"href":"http:\/\/associationodyssee.fr\/it\/wp-json\/wp\/v2\/users\/1"}],"replies":[{"embeddable":true,"href":"http:\/\/associationodyssee.fr\/it\/wp-json\/wp\/v2\/comments?post=3307"}],"version-history":[{"count":1,"href":"http:\/\/associationodyssee.fr\/it\/wp-json\/wp\/v2\/posts\/3307\/revisions"}],"predecessor-version":[{"id":3309,"href":"http:\/\/associationodyssee.fr\/it\/wp-json\/wp\/v2\/posts\/3307\/revisions\/3309"}],"wp:featuredmedia":[{"embeddable":true,"href":"http:\/\/associationodyssee.fr\/it\/wp-json\/wp\/v2\/media\/3308"}],"wp:attachment":[{"href":"http:\/\/associationodyssee.fr\/it\/wp-json\/wp\/v2\/media?parent=3307"}],"wp:term":[{"taxonomy":"category","embeddable":true,"href":"http:\/\/associationodyssee.fr\/it\/wp-json\/wp\/v2\/categories?post=3307"},{"taxonomy":"post_tag","embeddable":true,"href":"http:\/\/associationodyssee.fr\/it\/wp-json\/wp\/v2\/tags?post=3307"}],"curies":[{"name":"wp","href":"https:\/\/api.w.org\/{rel}","templated":true}]}}